{"id":1873,"date":"2024-10-23T20:00:00","date_gmt":"2024-10-23T20:00:00","guid":{"rendered":"https:\/\/ore.fundacion-sm.org\/nao-categorizado\/decenas-de-profesores-de-religion-asisten-a-la-presentacion-del-erebarometro-de-fundacion-sm\/"},"modified":"2025-02-26T13:14:05","modified_gmt":"2025-02-26T13:14:05","slug":"mais-de-cinquenta-professores-de-religiao-assistem-a-apresentacao-do-erebarometro-da-fundacao-sm","status":"publish","type":"post","link":"https:\/\/ore.fundacion-sm.org\/pt-br\/noticias-pt-br\/mais-de-cinquenta-professores-de-religiao-assistem-a-apresentacao-do-erebarometro-da-fundacao-sm\/","title":{"rendered":"Mais de cinquenta professores de religi\u00e3o assistem \u00e0 apresenta\u00e7\u00e3o do EREbar\u00f4metro da Funda\u00e7\u00e3o SM"},"content":{"rendered":"\t\t<div data-elementor-type=\"wp-post\" data-elementor-id=\"1873\" class=\"elementor elementor-1873 elementor-1793\" data-elementor-post-type=\"post\">\n\t\t\t\t\t\t<section class=\"elementor-section elementor-top-section elementor-element elementor-element-cca6b7b elementor-section-full_width elementor-section-height-default elementor-section-height-default\" data-id=\"cca6b7b\" data-element_type=\"section\">\n\t\t\t\t\t\t<div class=\"elementor-container elementor-column-gap-default\">\n\t\t\t\t\t<div class=\"elementor-column elementor-col-100 elementor-top-column elementor-element elementor-element-356bc22\" data-id=\"356bc22\" data-element_type=\"column\">\n\t\t\t<div class=\"elementor-widget-wrap elementor-element-populated\">\n\t\t\t\t\t\t<div class=\"elementor-element elementor-element-cc085a6 elementor-widget elementor-widget-bloque-texto\" data-id=\"cc085a6\" data-element_type=\"widget\" data-widget_type=\"bloque-texto.default\">\n\t\t\t\t<div class=\"elementor-widget-container\">\n\t\t\t\t\t<!-- Texto a 2 columnas-->\n<section class=\"bloque bloque-texto  \">\n    <div class=\"container\">\n                <div class=\"estrecho2\">\n            <div class=\"row\">\n                <div class=\"col-sm-12\">\n                    <div class=\"the_content\" data-aos=\"fade-up\" data-aos-duration=\"700\">\n                        <p>O espa\u00e7o O_Lumen acolheu a apresenta\u00e7\u00e3o dos resultados do EREbar\u00f4metro, um estudo que analisou a percep\u00e7\u00e3o dos professores de Ensino Religioso sobre o impacto que a implementa\u00e7\u00e3o da LOMLOE tem tido, tanto na sua disciplina como nas escolas em geral.<\/p>\n<p>Dois anos ap\u00f3s a implementa\u00e7\u00e3o da LOMLOE nas salas de aula, o Observat\u00f3rio da Religi\u00e3o na Escola quis analisar a percep\u00e7\u00e3o dos professores e professoras sobre a disciplina nas escolas.<\/p>\n<p>O relat\u00f3rio, <a href=\"https:\/\/ore.fundacion-sm.org\/pt-br\/estudos\/erebarometro-2024\/\">que pode ser visualizado e baixado no site do ORE<\/a>, foi realizado de forma an\u00f4nima entre um grupo de mais de dois mil professores. O estudo revela que a maioria dos professores de Ensino Religioso considera que a LOMLOE gerou maiores dificuldades para o ensino de sua disciplina nas escolas. Esta tend\u00eancia mant\u00e9m-se em todas as comunidades aut\u00f4nomas, <strong>embora na Cant\u00e1bria, Galiza e Extremadura a maioria ultrapasse os 80%.<\/strong><\/p>\n                    <\/div>\n                <\/div>\n            <\/div>\n        <\/div>\n    <\/div>\n<\/section>\t\t\t\t<\/div>\n\t\t\t\t<\/div>\n\t\t\t\t<div class=\"elementor-element elementor-element-586d387 elementor-widget elementor-widget-bloque-banner-destacado\" data-id=\"586d387\" data-element_type=\"widget\" data-widget_type=\"bloque-banner-destacado.default\">\n\t\t\t\t<div class=\"elementor-widget-container\">\n\t\t\t\t\t<!-- Banner destacado -->\n<section class=\"bloque bloque-banner-destacado \">\n    <div class=\"container\">\n        <div class=\"row\">\n            <div class=\"col-12\">\n                <div class=\"background\">\n                    <div class=\"datos\">\n                        <h2 class=\"titulos\" data-aos=\"fade-left\" data-aos-duration=\"700\">EREbar\u00f3metro 2024<\/h2>                        <div class=\"resumen\" data-aos=\"fade-right\" data-aos-duration=\"700\"><p>Nesta primeira edi\u00e7\u00e3o, focada na Espanha, foi analisado o impacto da LOMLOE no ERE, ap\u00f3s dois anos de conclus\u00e3o de sua implanta\u00e7\u00e3o. Seus resultados permitem conhecer rigorosamente a percep\u00e7\u00e3o dos professores e professoras de Ensino Religioso sobre as propostas pedag\u00f3gicas e metodol\u00f3gicas da reforma educacional, bem como suas decis\u00f5es quanto \u00e0 legisla\u00e7\u00e3o das aulas.<\/p><\/div>\n                                                                        <div data-aos=\"fade-left\" data-aos-duration=\"700\">\n                            <a href=\"https:\/\/ore.fundacion-sm.org\/pt-br\/estudos\/erebarometro-2024\/\" title=\"Ler o relat\u00f3rio\"  class=\"enlace btn btn-primary btn-arrow\">Ler o relat\u00f3rio <svg version=\"1.1\" id=\"longArrow\" xmlns=\"http:\/\/www.w3.org\/2000\/svg\" xmlns:xlink=\"http:\/\/www.w3.org\/1999\/xlink\" x=\"0px\" y=\"0px\" viewBox=\"0 0 56.9 19.2\" style=\"enable-background:new 0 0 56.9 19.2;\" xml:space=\"preserve\"><polygon points=\"47.3,0 45.2,2.1 51.1,8.1 0,8.1 0,11.1 51.1,11.1 45.2,17.1 47.3,19.2 56.9,9.6 \"\/><\/svg><\/a>\n                        <\/div> \n                                            <\/div>\n                                        <div class=\"imagen imagen-100\" data-aos=\"fade-right\" data-aos-delay=\"100\" data-aos-duration=\"700\"><img decoding=\"async\" src=\"https:\/\/ore.fundacion-sm.org\/wp-content\/uploads\/sites\/2\/2024\/10\/Portada-EREbarometro.jpg-1-547x560.webp\" class=\"img-fluid\" alt=\"EREbar\u00f3metro 2024\"><div class=\"gradient\"><\/div><\/div>\n                                    <\/div>\n            <\/div>\n        <\/div>\n    <\/div>\n<\/section>\t\t\t\t<\/div>\n\t\t\t\t<\/div>\n\t\t\t\t<div class=\"elementor-element elementor-element-7e113e8 elementor-widget elementor-widget-bloque-texto\" data-id=\"7e113e8\" data-element_type=\"widget\" data-widget_type=\"bloque-texto.default\">\n\t\t\t\t<div class=\"elementor-widget-container\">\n\t\t\t\t\t<!-- Texto a 2 columnas-->\n<section class=\"bloque bloque-texto  \">\n    <div class=\"container\">\n                <div class=\"estrecho2\">\n            <div class=\"row\">\n                <div class=\"col-sm-12\">\n                    <div class=\"the_content\" data-aos=\"fade-up\" data-aos-duration=\"700\">\n                        <p>Os professores e professoras de Ensino Religioso tamb\u00e9m criticam muito a contribui\u00e7\u00e3o da LOMLOE para o sistema de aprendizagem escolar em geral: 40% dos entrevistados dizem que a lei n\u00e3o melhorou o sistema educacional espanhol e 45%, que a melhoria foi &#8220;pequena&#8221;.<\/p>\n<p><strong>Essa opini\u00e3o se estende a todas as comunidades, uma vez que os resultados da pesquisa revelam que os professores e professoras de Ensino Religioso de todas as comunidades aut\u00f4nomas consideram que a LOMLOE n\u00e3o melhorou o sistema educacional em seus dois primeiros anos.<\/strong> Apenas 20% dos professores e professoras que participaram do estudo acreditam que a LOMLOE melhorou um pouco o sistema educacional.<\/p>\n<p>No nosso pa\u00eds, mais de 60% dos alunos estudam Ensino Religioso nas escolas. \u201cOs prop\u00f3sitos da educa\u00e7\u00e3o sempre foram humaniza\u00e7\u00e3o e personaliza\u00e7\u00e3o. Nesse contexto sociocultural, um novo tempo humanista \u00e9 muito necess\u00e1rio. \u00c9 para isso que apontam algumas iniciativas internacionais e \u00e9 para isso que converge nossa proposta para a aula de Ensino Religioso: fortalecer o pessoal nos processos educativos\u201d, afirmou o diretor do ORE, Carlos Esteban, destacando que as dificuldades em propor o ensino dessa disciplina impactam na educa\u00e7\u00e3o em valores de mais de tr\u00eas milh\u00f5es de alunos em nosso pa\u00eds.<\/p>\n                    <\/div>\n                <\/div>\n            <\/div>\n        <\/div>\n    <\/div>\n<\/section>\t\t\t\t<\/div>\n\t\t\t\t<\/div>\n\t\t\t\t<div class=\"elementor-element elementor-element-c60b4cf elementor-widget elementor-widget-bloque-texto-video\" data-id=\"c60b4cf\" data-element_type=\"widget\" data-widget_type=\"bloque-texto-video.default\">\n\t\t\t\t<div class=\"elementor-widget-container\">\n\t\t\t\t\t\n<div class=\"flecha-oculta\"><svg version=\"1.1\" id=\"longArrow\" xmlns=\"http:\/\/www.w3.org\/2000\/svg\" xmlns:xlink=\"http:\/\/www.w3.org\/1999\/xlink\" x=\"0px\" y=\"0px\" viewBox=\"0 0 56.9 19.2\" style=\"enable-background:new 0 0 56.9 19.2;\" xml:space=\"preserve\"><clipPath id=\"flecha-texto-con-video\"><polygon points=\"47.3,0 45.2,2.1 51.1,8.1 0,8.1 0,11.1 51.1,11.1 45.2,17.1 47.3,19.2 56.9,9.6 \"><\/polygon><\/clipPath><\/svg><\/div>\n\n<!-- Texto + imagen -->\n<section class=\"bloque bloque-texto-con-video  \">\n    <div class=\"container\">\n        <h2 class=\"titulos\" data-aos=\"fade-left\" data-aos-duration=\"700\">Carlos Esteban, diretor do ORE, apresentou o relat\u00f3rio<\/h2>        <div class=\"subtitulos\" data-aos=\"fade-left\" data-aos-duration=\"700\"><p>Mais de 2.000 professores de toda a Espanha participaram da pesquisa realizada por este observat\u00f3rio.<\/p><\/div>\n                <div class=\"row\">\n            <div class=\"col-12\">\n                <div class=\"background\">\n                    <div class=\"row align-items-center\">\n                        <div class=\"col-12 col-md-6 col-lg-4 order-2\">\n                            <div class=\"the_content\" data-aos=\"fade-up\" data-aos-duration=\"700\">\n                                <p>Durante a apresenta\u00e7\u00e3o, o diretor do ORE e autor do relat\u00f3rio, Carlos Esteban, destacou que dentre as dificuldades que os professores da disciplina de Ensino Religioso dizem encontrar ap\u00f3s a aplica\u00e7\u00e3o da LOMLOE, a maior \u00e9 a falta de valoriza\u00e7\u00e3o no curr\u00edculo. Os professores e professoras da disciplina tamb\u00e9m dizem que h\u00e1 outras desvantagens adicionais, como o desaparecimento da disciplina alternativa, que tamb\u00e9m \u00e9 considerado como um problema por 76% dos professores de Ensino religioso, ou a redu\u00e7\u00e3o das horas da disciplina, que \u00e9 um obst\u00e1culo para 78% dos professores.<\/p>\n                            <\/div>\n                        <\/div>\n                        <div class=\"col-12 col-md-6 col-lg-8 order-1\" data-aos=\"fade\" data-aos-duration=\"700\">\n                            <div class=\"ratio ratio-16x9\">\n                                                                    <lite-youtube videoid=\"zQh20gxckn0\" playlabel=\"Ver video\"><\/lite-youtube>\n                                                            <\/div>\n                        <\/div>\n                    <\/div>\n                <\/div>\n            <\/div>\n        <\/div>\n    <\/div>\n<\/section>\t\t\t\t<\/div>\n\t\t\t\t<\/div>\n\t\t\t\t<div class=\"elementor-element elementor-element-1f3f435 elementor-widget elementor-widget-video\" data-id=\"1f3f435\" data-element_type=\"widget\" data-settings=\"{&quot;youtube_url&quot;:&quot;https:\\\/\\\/www.youtube.com\\\/live\\\/_L0ZpbVZs1k&quot;,&quot;video_type&quot;:&quot;youtube&quot;,&quot;controls&quot;:&quot;yes&quot;}\" data-widget_type=\"video.default\">\n\t\t\t\t<div class=\"elementor-widget-container\">\n\t\t\t\t\t\t\t<div class=\"elementor-wrapper elementor-open-inline\">\n\t\t\t<div class=\"elementor-video\"><\/div>\t\t<\/div>\n\t\t\t\t\t\t<\/div>\n\t\t\t\t<\/div>\n\t\t\t\t<div class=\"elementor-element elementor-element-41366f5 elementor-widget elementor-widget-bloque-noticias\" data-id=\"41366f5\" data-element_type=\"widget\" data-widget_type=\"bloque-noticias.default\">\n\t\t\t\t<div class=\"elementor-widget-container\">\n\t\t\t\t\t<!-- Noticias -->\n<section class=\"bloque bloque-noticias  \">\n    <div class=\"container\">\n        <div class=\"background padding-interno \">\n            <div class=\"row titulo-con-enlace\">\n                <div class=\"col-12\">\n                    <h2 class=\"titulos\" data-aos=\"fade-left\" data-aos-duration=\"700\">Voc\u00ea tamb\u00e9m pode se interessar...<\/h2>                                        <a href=\"https:\/\/ore.fundacion-sm.org\/pt-br\/noticias-pt-br\/\" data-aos=\"fade-right\" data-aos-duration=\"700\" class=\"enlace btn-arrow\" title=\"Ver mais\"><span>Ver mais<\/span> <svg version=\"1.1\" id=\"longArrow\" xmlns=\"http:\/\/www.w3.org\/2000\/svg\" xmlns:xlink=\"http:\/\/www.w3.org\/1999\/xlink\" x=\"0px\" y=\"0px\" viewBox=\"0 0 56.9 19.2\" style=\"enable-background:new 0 0 56.9 19.2;\" xml:space=\"preserve\"><polygon points=\"47.3,0 45.2,2.1 51.1,8.1 0,8.1 0,11.1 51.1,11.1 45.2,17.1 47.3,19.2 56.9,9.6 \"><\/polygon><\/svg><\/a>\n                                    <\/div>\n            <\/div>\n            <div class=\"row\">\n                                                    <div class=\"col-12\" data-aos=\"fade-up\" data-aos-delay=\"200\" data-aos-duration=\"700\">\n                                <a class=\"noticia \" href=\"https:\/\/ore.fundacion-sm.org\/pt-br\/noticias-pt-br\/modelo-de-ensino-religioso-confessional-que-nao-promove-uma-religiao-especifica-ere-supraconfessional\/\">\n    <div class=\"row\">\n        <div class=\"col-12 col-md-5 col-lg-6 \">\n            <div class=\"image\">\n                <img fetchpriority=\"high\" decoding=\"async\" width=\"640\" height=\"402\" src=\"https:\/\/ore.fundacion-sm.org\/wp-content\/uploads\/sites\/2\/2024\/11\/ai-generated-8663328_640.jpg\" class=\"img-fluid wp-post-image\" alt=\"\" srcset=\"https:\/\/ore.fundacion-sm.org\/wp-content\/uploads\/sites\/2\/2024\/11\/ai-generated-8663328_640.jpg 640w, https:\/\/ore.fundacion-sm.org\/wp-content\/uploads\/sites\/2\/2024\/11\/ai-generated-8663328_640-300x188.jpg 300w\" sizes=\"(max-width: 640px) 100vw, 640px\" \/>            <\/div>\n        <\/div>\n        <div class=\"col-12 col-md-7 col-lg-6 d-flex align-items-center \">\n            <div class=\"datos\">\n                <div class=\"categoria\">Not\u00edcias<\/div>\n                <div class=\"fecha\">21 novembro 2024<\/div>\n                <h3 class=\"subtitulos\">Modelo de ensino religioso confessional que n\u00e3o promove uma religi\u00e3o espec\u00edfica. ERE supraconfessional<\/h3> \n                <div class=\"enlace btn-arrow\">Ler not\u00edcia <svg version=\"1.1\" id=\"longArrow\" xmlns=\"http:\/\/www.w3.org\/2000\/svg\" xmlns:xlink=\"http:\/\/www.w3.org\/1999\/xlink\" x=\"0px\" y=\"0px\" viewBox=\"0 0 56.9 19.2\" style=\"enable-background:new 0 0 56.9 19.2;\" xml:space=\"preserve\"><polygon points=\"47.3,0 45.2,2.1 51.1,8.1 0,8.1 0,11.1 51.1,11.1 45.2,17.1 47.3,19.2 56.9,9.6 \"\/><\/svg><\/div>\n            <\/div>\n        <\/div>\n    <\/div>    \n<\/a>                                <\/div>\n                                        <\/div>\n        <\/div>\n    <\/div>\n<\/section>\t\t\t\t<\/div>\n\t\t\t\t<\/div>\n\t\t\t\t\t<\/div>\n\t\t<\/div>\n\t\t\t\t\t<\/div>\n\t\t<\/section>\n\t\t\t\t<\/div>\n\t\t","protected":false},"excerpt":{"rendered":"<p>O espa\u00e7o O_Lumen acolheu a apresenta\u00e7\u00e3o dos resultados do EREbar\u00f4metro, um estudo que analisou a percep\u00e7\u00e3o dos professores de Ensino Religioso sobre o impacto que a implementa\u00e7\u00e3o da LOMLOE tem tido, tanto na sua disciplina como nas escolas em geral. Dois anos ap\u00f3s a implementa\u00e7\u00e3o da LOMLOE nas salas de aula, o Observat\u00f3rio da Religi\u00e3o [&hellip;]<\/p>\n","protected":false},"author":7,"featured_media":1795,"comment_status":"closed","ping_status":"closed","sticky":false,"template":"","format":"standard","meta":{"_acf_changed":false,"footnotes":""},"categories":[12,34],"tags":[],"class_list":["post-1873","post","type-post","status-publish","format-standard","has-post-thumbnail","hentry","category-noticias","category-noticias-pt-br"],"acf":[],"yoast_head":"<!-- This site is optimized with the Yoast SEO plugin v26.7 - https:\/\/yoast.com\/wordpress\/plugins\/seo\/ -->\n<title>Mais de cinquenta professores de religi\u00e3o assistem \u00e0 apresenta\u00e7\u00e3o do EREbar\u00f4metro da Funda\u00e7\u00e3o SM - Observat\u00f3rio da Religi\u00e3o na Escola (ORE)<\/title>\n<meta name=\"description\" content=\"A educa\u00e7\u00e3o religiosa multidenominacional na Am\u00e9rica Latina est\u00e1 presente em alguns estados do Brasil, Chile e Col\u00f4mbia. No Rio de Janeiro, por exemplo, a regulamenta\u00e7\u00e3o determina que o ERE seja disciplina obrigat\u00f3ria no calend\u00e1rio normal das escolas p\u00fablicas da Educa\u00e7\u00e3o B\u00e1sica, mas sua escolha \u00e9 facultativa.\" \/>\n<meta name=\"robots\" content=\"index, follow, max-snippet:-1, max-image-preview:large, max-video-preview:-1\" \/>\n<link rel=\"canonical\" href=\"https:\/\/ore.fundacion-sm.org\/pt-br\/noticias-pt-br\/mais-de-cinquenta-professores-de-religiao-assistem-a-apresentacao-do-erebarometro-da-fundacao-sm\/\" \/>\n<meta property=\"og:locale\" content=\"pt_BR\" \/>\n<meta property=\"og:type\" content=\"article\" \/>\n<meta property=\"og:title\" content=\"Mais de cinquenta professores de religi\u00e3o assistem \u00e0 apresenta\u00e7\u00e3o do EREbar\u00f4metro da Funda\u00e7\u00e3o SM - Observat\u00f3rio da Religi\u00e3o na Escola (ORE)\" \/>\n<meta property=\"og:description\" content=\"A educa\u00e7\u00e3o religiosa multidenominacional na Am\u00e9rica Latina est\u00e1 presente em alguns estados do Brasil, Chile e Col\u00f4mbia. No Rio de Janeiro, por exemplo, a regulamenta\u00e7\u00e3o determina que o ERE seja disciplina obrigat\u00f3ria no calend\u00e1rio normal das escolas p\u00fablicas da Educa\u00e7\u00e3o B\u00e1sica, mas sua escolha \u00e9 facultativa.\" \/>\n<meta property=\"og:url\" content=\"https:\/\/ore.fundacion-sm.org\/pt-br\/noticias-pt-br\/mais-de-cinquenta-professores-de-religiao-assistem-a-apresentacao-do-erebarometro-da-fundacao-sm\/\" \/>\n<meta property=\"og:site_name\" content=\"Observat\u00f3rio da Religi\u00e3o na Escola (ORE)\" \/>\n<meta property=\"article:published_time\" content=\"2024-10-23T20:00:00+00:00\" \/>\n<meta property=\"article:modified_time\" content=\"2025-02-26T13:14:05+00:00\" \/>\n<meta property=\"og:image\" content=\"https:\/\/ore.fundacion-sm.org\/wp-content\/uploads\/sites\/2\/2024\/10\/Copia-de-Banners-Web.jpg\" \/>\n\t<meta property=\"og:image:width\" content=\"1600\" \/>\n\t<meta property=\"og:image:height\" content=\"900\" \/>\n\t<meta property=\"og:image:type\" content=\"image\/jpeg\" \/>\n<meta name=\"author\" content=\"ana.maria.perez@fundacion-sm.com\" \/>\n<meta name=\"twitter:card\" content=\"summary_large_image\" \/>\n<script type=\"application\/ld+json\" class=\"yoast-schema-graph\">{\"@context\":\"https:\/\/schema.org\",\"@graph\":[{\"@type\":\"Article\",\"@id\":\"https:\/\/ore.fundacion-sm.org\/pt-br\/noticias-pt-br\/mais-de-cinquenta-professores-de-religiao-assistem-a-apresentacao-do-erebarometro-da-fundacao-sm\/#article\",\"isPartOf\":{\"@id\":\"https:\/\/ore.fundacion-sm.org\/pt-br\/noticias-pt-br\/mais-de-cinquenta-professores-de-religiao-assistem-a-apresentacao-do-erebarometro-da-fundacao-sm\/\"},\"author\":{\"name\":\"ana.maria.perez@fundacion-sm.com\",\"@id\":\"https:\/\/ore.fundacion-sm.org\/pt-br\/#\/schema\/person\/d5b2f9ae2aac5fc3759e9082e74af33c\"},\"headline\":\"Mais de cinquenta professores de religi\u00e3o assistem \u00e0 apresenta\u00e7\u00e3o do EREbar\u00f4metro da Funda\u00e7\u00e3o SM\",\"datePublished\":\"2024-10-23T20:00:00+00:00\",\"dateModified\":\"2025-02-26T13:14:05+00:00\",\"mainEntityOfPage\":{\"@id\":\"https:\/\/ore.fundacion-sm.org\/pt-br\/noticias-pt-br\/mais-de-cinquenta-professores-de-religiao-assistem-a-apresentacao-do-erebarometro-da-fundacao-sm\/\"},\"wordCount\":604,\"publisher\":{\"@id\":\"https:\/\/ore.fundacion-sm.org\/pt-br\/#organization\"},\"image\":{\"@id\":\"https:\/\/ore.fundacion-sm.org\/pt-br\/noticias-pt-br\/mais-de-cinquenta-professores-de-religiao-assistem-a-apresentacao-do-erebarometro-da-fundacao-sm\/#primaryimage\"},\"thumbnailUrl\":\"https:\/\/ore.fundacion-sm.org\/wp-content\/uploads\/sites\/2\/2024\/10\/Copia-de-Banners-Web.jpg\",\"articleSection\":[\"Noticias\",\"Not\u00edcias\"],\"inLanguage\":\"pt-BR\"},{\"@type\":\"WebPage\",\"@id\":\"https:\/\/ore.fundacion-sm.org\/pt-br\/noticias-pt-br\/mais-de-cinquenta-professores-de-religiao-assistem-a-apresentacao-do-erebarometro-da-fundacao-sm\/\",\"url\":\"https:\/\/ore.fundacion-sm.org\/pt-br\/noticias-pt-br\/mais-de-cinquenta-professores-de-religiao-assistem-a-apresentacao-do-erebarometro-da-fundacao-sm\/\",\"name\":\"Mais de cinquenta professores de religi\u00e3o assistem \u00e0 apresenta\u00e7\u00e3o do EREbar\u00f4metro da Funda\u00e7\u00e3o SM - Observat\u00f3rio da Religi\u00e3o na Escola (ORE)\",\"isPartOf\":{\"@id\":\"https:\/\/ore.fundacion-sm.org\/pt-br\/#website\"},\"primaryImageOfPage\":{\"@id\":\"https:\/\/ore.fundacion-sm.org\/pt-br\/noticias-pt-br\/mais-de-cinquenta-professores-de-religiao-assistem-a-apresentacao-do-erebarometro-da-fundacao-sm\/#primaryimage\"},\"image\":{\"@id\":\"https:\/\/ore.fundacion-sm.org\/pt-br\/noticias-pt-br\/mais-de-cinquenta-professores-de-religiao-assistem-a-apresentacao-do-erebarometro-da-fundacao-sm\/#primaryimage\"},\"thumbnailUrl\":\"https:\/\/ore.fundacion-sm.org\/wp-content\/uploads\/sites\/2\/2024\/10\/Copia-de-Banners-Web.jpg\",\"datePublished\":\"2024-10-23T20:00:00+00:00\",\"dateModified\":\"2025-02-26T13:14:05+00:00\",\"description\":\"A educa\u00e7\u00e3o religiosa multidenominacional na Am\u00e9rica Latina est\u00e1 presente em alguns estados do Brasil, Chile e Col\u00f4mbia. No Rio de Janeiro, por exemplo, a regulamenta\u00e7\u00e3o determina que o ERE seja disciplina obrigat\u00f3ria no calend\u00e1rio normal das escolas p\u00fablicas da Educa\u00e7\u00e3o B\u00e1sica, mas sua escolha \u00e9 facultativa.\",\"breadcrumb\":{\"@id\":\"https:\/\/ore.fundacion-sm.org\/pt-br\/noticias-pt-br\/mais-de-cinquenta-professores-de-religiao-assistem-a-apresentacao-do-erebarometro-da-fundacao-sm\/#breadcrumb\"},\"inLanguage\":\"pt-BR\",\"potentialAction\":[{\"@type\":\"ReadAction\",\"target\":[\"https:\/\/ore.fundacion-sm.org\/pt-br\/noticias-pt-br\/mais-de-cinquenta-professores-de-religiao-assistem-a-apresentacao-do-erebarometro-da-fundacao-sm\/\"]}]},{\"@type\":\"ImageObject\",\"inLanguage\":\"pt-BR\",\"@id\":\"https:\/\/ore.fundacion-sm.org\/pt-br\/noticias-pt-br\/mais-de-cinquenta-professores-de-religiao-assistem-a-apresentacao-do-erebarometro-da-fundacao-sm\/#primaryimage\",\"url\":\"https:\/\/ore.fundacion-sm.org\/wp-content\/uploads\/sites\/2\/2024\/10\/Copia-de-Banners-Web.jpg\",\"contentUrl\":\"https:\/\/ore.fundacion-sm.org\/wp-content\/uploads\/sites\/2\/2024\/10\/Copia-de-Banners-Web.jpg\",\"width\":1600,\"height\":900},{\"@type\":\"BreadcrumbList\",\"@id\":\"https:\/\/ore.fundacion-sm.org\/pt-br\/noticias-pt-br\/mais-de-cinquenta-professores-de-religiao-assistem-a-apresentacao-do-erebarometro-da-fundacao-sm\/#breadcrumb\",\"itemListElement\":[{\"@type\":\"ListItem\",\"position\":1,\"name\":\"In\u00edcio\",\"item\":\"https:\/\/ore.fundacion-sm.org\/pt-br\/\"},{\"@type\":\"ListItem\",\"position\":2,\"name\":\"Not\u00edcias\",\"item\":\"https:\/\/ore.fundacion-sm.org\/pt-br\/noticias-pt-br\/\"},{\"@type\":\"ListItem\",\"position\":3,\"name\":\"Mais de cinquenta professores de religi\u00e3o assistem \u00e0 apresenta\u00e7\u00e3o do EREbar\u00f4metro da Funda\u00e7\u00e3o SM\"}]},{\"@type\":\"WebSite\",\"@id\":\"https:\/\/ore.fundacion-sm.org\/pt-br\/#website\",\"url\":\"https:\/\/ore.fundacion-sm.org\/pt-br\/\",\"name\":\"Observat\u00f3rio da Religi\u00e3o na Escola (ORE)\",\"description\":\"Fundaci\u00f3n SM\",\"publisher\":{\"@id\":\"https:\/\/ore.fundacion-sm.org\/pt-br\/#organization\"},\"alternateName\":\"ORE\",\"potentialAction\":[{\"@type\":\"SearchAction\",\"target\":{\"@type\":\"EntryPoint\",\"urlTemplate\":\"https:\/\/ore.fundacion-sm.org\/pt-br\/?s={search_term_string}\"},\"query-input\":{\"@type\":\"PropertyValueSpecification\",\"valueRequired\":true,\"valueName\":\"search_term_string\"}}],\"inLanguage\":\"pt-BR\"},{\"@type\":\"Organization\",\"@id\":\"https:\/\/ore.fundacion-sm.org\/pt-br\/#organization\",\"name\":\"Fundaci\u00f3n SM\",\"url\":\"https:\/\/ore.fundacion-sm.org\/pt-br\/\",\"logo\":{\"@type\":\"ImageObject\",\"inLanguage\":\"pt-BR\",\"@id\":\"https:\/\/ore.fundacion-sm.org\/pt-br\/#\/schema\/logo\/image\/\",\"url\":\"https:\/\/ore.fundacion-sm.org\/wp-content\/uploads\/sites\/2\/2023\/10\/logotipo-fundacion-sm.png\",\"contentUrl\":\"https:\/\/ore.fundacion-sm.org\/wp-content\/uploads\/sites\/2\/2023\/10\/logotipo-fundacion-sm.png\",\"width\":447,\"height\":85,\"caption\":\"Fundaci\u00f3n SM\"},\"image\":{\"@id\":\"https:\/\/ore.fundacion-sm.org\/pt-br\/#\/schema\/logo\/image\/\"}},{\"@type\":\"Person\",\"@id\":\"https:\/\/ore.fundacion-sm.org\/pt-br\/#\/schema\/person\/d5b2f9ae2aac5fc3759e9082e74af33c\",\"name\":\"ana.maria.perez@fundacion-sm.com\"}]}<\/script>\n<!-- \/ Yoast SEO plugin. -->","yoast_head_json":{"title":"Mais de cinquenta professores de religi\u00e3o assistem \u00e0 apresenta\u00e7\u00e3o do EREbar\u00f4metro da Funda\u00e7\u00e3o SM - Observat\u00f3rio da Religi\u00e3o na Escola (ORE)","description":"A educa\u00e7\u00e3o religiosa multidenominacional na Am\u00e9rica Latina est\u00e1 presente em alguns estados do Brasil, Chile e Col\u00f4mbia. No Rio de Janeiro, por exemplo, a regulamenta\u00e7\u00e3o determina que o ERE seja disciplina obrigat\u00f3ria no calend\u00e1rio normal das escolas p\u00fablicas da Educa\u00e7\u00e3o B\u00e1sica, mas sua escolha \u00e9 facultativa.","robots":{"index":"index","follow":"follow","max-snippet":"max-snippet:-1","max-image-preview":"max-image-preview:large","max-video-preview":"max-video-preview:-1"},"canonical":"https:\/\/ore.fundacion-sm.org\/pt-br\/noticias-pt-br\/mais-de-cinquenta-professores-de-religiao-assistem-a-apresentacao-do-erebarometro-da-fundacao-sm\/","og_locale":"pt_BR","og_type":"article","og_title":"Mais de cinquenta professores de religi\u00e3o assistem \u00e0 apresenta\u00e7\u00e3o do EREbar\u00f4metro da Funda\u00e7\u00e3o SM - Observat\u00f3rio da Religi\u00e3o na Escola (ORE)","og_description":"A educa\u00e7\u00e3o religiosa multidenominacional na Am\u00e9rica Latina est\u00e1 presente em alguns estados do Brasil, Chile e Col\u00f4mbia. No Rio de Janeiro, por exemplo, a regulamenta\u00e7\u00e3o determina que o ERE seja disciplina obrigat\u00f3ria no calend\u00e1rio normal das escolas p\u00fablicas da Educa\u00e7\u00e3o B\u00e1sica, mas sua escolha \u00e9 facultativa.","og_url":"https:\/\/ore.fundacion-sm.org\/pt-br\/noticias-pt-br\/mais-de-cinquenta-professores-de-religiao-assistem-a-apresentacao-do-erebarometro-da-fundacao-sm\/","og_site_name":"Observat\u00f3rio da Religi\u00e3o na Escola (ORE)","article_published_time":"2024-10-23T20:00:00+00:00","article_modified_time":"2025-02-26T13:14:05+00:00","og_image":[{"width":1600,"height":900,"url":"https:\/\/ore.fundacion-sm.org\/wp-content\/uploads\/sites\/2\/2024\/10\/Copia-de-Banners-Web.jpg","type":"image\/jpeg"}],"author":"ana.maria.perez@fundacion-sm.com","twitter_card":"summary_large_image","schema":{"@context":"https:\/\/schema.org","@graph":[{"@type":"Article","@id":"https:\/\/ore.fundacion-sm.org\/pt-br\/noticias-pt-br\/mais-de-cinquenta-professores-de-religiao-assistem-a-apresentacao-do-erebarometro-da-fundacao-sm\/#article","isPartOf":{"@id":"https:\/\/ore.fundacion-sm.org\/pt-br\/noticias-pt-br\/mais-de-cinquenta-professores-de-religiao-assistem-a-apresentacao-do-erebarometro-da-fundacao-sm\/"},"author":{"name":"ana.maria.perez@fundacion-sm.com","@id":"https:\/\/ore.fundacion-sm.org\/pt-br\/#\/schema\/person\/d5b2f9ae2aac5fc3759e9082e74af33c"},"headline":"Mais de cinquenta professores de religi\u00e3o assistem \u00e0 apresenta\u00e7\u00e3o do EREbar\u00f4metro da Funda\u00e7\u00e3o SM","datePublished":"2024-10-23T20:00:00+00:00","dateModified":"2025-02-26T13:14:05+00:00","mainEntityOfPage":{"@id":"https:\/\/ore.fundacion-sm.org\/pt-br\/noticias-pt-br\/mais-de-cinquenta-professores-de-religiao-assistem-a-apresentacao-do-erebarometro-da-fundacao-sm\/"},"wordCount":604,"publisher":{"@id":"https:\/\/ore.fundacion-sm.org\/pt-br\/#organization"},"image":{"@id":"https:\/\/ore.fundacion-sm.org\/pt-br\/noticias-pt-br\/mais-de-cinquenta-professores-de-religiao-assistem-a-apresentacao-do-erebarometro-da-fundacao-sm\/#primaryimage"},"thumbnailUrl":"https:\/\/ore.fundacion-sm.org\/wp-content\/uploads\/sites\/2\/2024\/10\/Copia-de-Banners-Web.jpg","articleSection":["Noticias","Not\u00edcias"],"inLanguage":"pt-BR"},{"@type":"WebPage","@id":"https:\/\/ore.fundacion-sm.org\/pt-br\/noticias-pt-br\/mais-de-cinquenta-professores-de-religiao-assistem-a-apresentacao-do-erebarometro-da-fundacao-sm\/","url":"https:\/\/ore.fundacion-sm.org\/pt-br\/noticias-pt-br\/mais-de-cinquenta-professores-de-religiao-assistem-a-apresentacao-do-erebarometro-da-fundacao-sm\/","name":"Mais de cinquenta professores de religi\u00e3o assistem \u00e0 apresenta\u00e7\u00e3o do EREbar\u00f4metro da Funda\u00e7\u00e3o SM - Observat\u00f3rio da Religi\u00e3o na Escola (ORE)","isPartOf":{"@id":"https:\/\/ore.fundacion-sm.org\/pt-br\/#website"},"primaryImageOfPage":{"@id":"https:\/\/ore.fundacion-sm.org\/pt-br\/noticias-pt-br\/mais-de-cinquenta-professores-de-religiao-assistem-a-apresentacao-do-erebarometro-da-fundacao-sm\/#primaryimage"},"image":{"@id":"https:\/\/ore.fundacion-sm.org\/pt-br\/noticias-pt-br\/mais-de-cinquenta-professores-de-religiao-assistem-a-apresentacao-do-erebarometro-da-fundacao-sm\/#primaryimage"},"thumbnailUrl":"https:\/\/ore.fundacion-sm.org\/wp-content\/uploads\/sites\/2\/2024\/10\/Copia-de-Banners-Web.jpg","datePublished":"2024-10-23T20:00:00+00:00","dateModified":"2025-02-26T13:14:05+00:00","description":"A educa\u00e7\u00e3o religiosa multidenominacional na Am\u00e9rica Latina est\u00e1 presente em alguns estados do Brasil, Chile e Col\u00f4mbia. No Rio de Janeiro, por exemplo, a regulamenta\u00e7\u00e3o determina que o ERE seja disciplina obrigat\u00f3ria no calend\u00e1rio normal das escolas p\u00fablicas da Educa\u00e7\u00e3o B\u00e1sica, mas sua escolha \u00e9 facultativa.","breadcrumb":{"@id":"https:\/\/ore.fundacion-sm.org\/pt-br\/noticias-pt-br\/mais-de-cinquenta-professores-de-religiao-assistem-a-apresentacao-do-erebarometro-da-fundacao-sm\/#breadcrumb"},"inLanguage":"pt-BR","potentialAction":[{"@type":"ReadAction","target":["https:\/\/ore.fundacion-sm.org\/pt-br\/noticias-pt-br\/mais-de-cinquenta-professores-de-religiao-assistem-a-apresentacao-do-erebarometro-da-fundacao-sm\/"]}]},{"@type":"ImageObject","inLanguage":"pt-BR","@id":"https:\/\/ore.fundacion-sm.org\/pt-br\/noticias-pt-br\/mais-de-cinquenta-professores-de-religiao-assistem-a-apresentacao-do-erebarometro-da-fundacao-sm\/#primaryimage","url":"https:\/\/ore.fundacion-sm.org\/wp-content\/uploads\/sites\/2\/2024\/10\/Copia-de-Banners-Web.jpg","contentUrl":"https:\/\/ore.fundacion-sm.org\/wp-content\/uploads\/sites\/2\/2024\/10\/Copia-de-Banners-Web.jpg","width":1600,"height":900},{"@type":"BreadcrumbList","@id":"https:\/\/ore.fundacion-sm.org\/pt-br\/noticias-pt-br\/mais-de-cinquenta-professores-de-religiao-assistem-a-apresentacao-do-erebarometro-da-fundacao-sm\/#breadcrumb","itemListElement":[{"@type":"ListItem","position":1,"name":"In\u00edcio","item":"https:\/\/ore.fundacion-sm.org\/pt-br\/"},{"@type":"ListItem","position":2,"name":"Not\u00edcias","item":"https:\/\/ore.fundacion-sm.org\/pt-br\/noticias-pt-br\/"},{"@type":"ListItem","position":3,"name":"Mais de cinquenta professores de religi\u00e3o assistem \u00e0 apresenta\u00e7\u00e3o do EREbar\u00f4metro da Funda\u00e7\u00e3o SM"}]},{"@type":"WebSite","@id":"https:\/\/ore.fundacion-sm.org\/pt-br\/#website","url":"https:\/\/ore.fundacion-sm.org\/pt-br\/","name":"Observat\u00f3rio da Religi\u00e3o na Escola (ORE)","description":"Fundaci\u00f3n SM","publisher":{"@id":"https:\/\/ore.fundacion-sm.org\/pt-br\/#organization"},"alternateName":"ORE","potentialAction":[{"@type":"SearchAction","target":{"@type":"EntryPoint","urlTemplate":"https:\/\/ore.fundacion-sm.org\/pt-br\/?s={search_term_string}"},"query-input":{"@type":"PropertyValueSpecification","valueRequired":true,"valueName":"search_term_string"}}],"inLanguage":"pt-BR"},{"@type":"Organization","@id":"https:\/\/ore.fundacion-sm.org\/pt-br\/#organization","name":"Fundaci\u00f3n SM","url":"https:\/\/ore.fundacion-sm.org\/pt-br\/","logo":{"@type":"ImageObject","inLanguage":"pt-BR","@id":"https:\/\/ore.fundacion-sm.org\/pt-br\/#\/schema\/logo\/image\/","url":"https:\/\/ore.fundacion-sm.org\/wp-content\/uploads\/sites\/2\/2023\/10\/logotipo-fundacion-sm.png","contentUrl":"https:\/\/ore.fundacion-sm.org\/wp-content\/uploads\/sites\/2\/2023\/10\/logotipo-fundacion-sm.png","width":447,"height":85,"caption":"Fundaci\u00f3n SM"},"image":{"@id":"https:\/\/ore.fundacion-sm.org\/pt-br\/#\/schema\/logo\/image\/"}},{"@type":"Person","@id":"https:\/\/ore.fundacion-sm.org\/pt-br\/#\/schema\/person\/d5b2f9ae2aac5fc3759e9082e74af33c","name":"ana.maria.perez@fundacion-sm.com"}]}},"_links":{"self":[{"href":"https:\/\/ore.fundacion-sm.org\/pt-br\/wp-json\/wp\/v2\/posts\/1873","targetHints":{"allow":["GET"]}}],"collection":[{"href":"https:\/\/ore.fundacion-sm.org\/pt-br\/wp-json\/wp\/v2\/posts"}],"about":[{"href":"https:\/\/ore.fundacion-sm.org\/pt-br\/wp-json\/wp\/v2\/types\/post"}],"author":[{"embeddable":true,"href":"https:\/\/ore.fundacion-sm.org\/pt-br\/wp-json\/wp\/v2\/users\/7"}],"replies":[{"embeddable":true,"href":"https:\/\/ore.fundacion-sm.org\/pt-br\/wp-json\/wp\/v2\/comments?post=1873"}],"version-history":[{"count":11,"href":"https:\/\/ore.fundacion-sm.org\/pt-br\/wp-json\/wp\/v2\/posts\/1873\/revisions"}],"predecessor-version":[{"id":2244,"href":"https:\/\/ore.fundacion-sm.org\/pt-br\/wp-json\/wp\/v2\/posts\/1873\/revisions\/2244"}],"wp:featuredmedia":[{"embeddable":true,"href":"https:\/\/ore.fundacion-sm.org\/pt-br\/wp-json\/wp\/v2\/media\/1795"}],"wp:attachment":[{"href":"https:\/\/ore.fundacion-sm.org\/pt-br\/wp-json\/wp\/v2\/media?parent=1873"}],"wp:term":[{"taxonomy":"category","embeddable":true,"href":"https:\/\/ore.fundacion-sm.org\/pt-br\/wp-json\/wp\/v2\/categories?post=1873"},{"taxonomy":"post_tag","embeddable":true,"href":"https:\/\/ore.fundacion-sm.org\/pt-br\/wp-json\/wp\/v2\/tags?post=1873"}],"curies":[{"name":"wp","href":"https:\/\/api.w.org\/{rel}","templated":true}]}}