{"id":1872,"date":"2024-11-21T09:45:01","date_gmt":"2024-11-21T09:45:01","guid":{"rendered":"https:\/\/ore.fundacion-sm.org\/nao-categorizado\/modelo-de-ensenanza-religiosa-no-confesional-no-confesante-ere-supraconfesional\/"},"modified":"2025-02-26T11:08:45","modified_gmt":"2025-02-26T11:08:45","slug":"modelo-de-ensino-religioso-confessional-que-nao-promove-uma-religiao-especifica-ere-supraconfessional","status":"publish","type":"post","link":"https:\/\/ore.fundacion-sm.org\/pt-br\/noticias-pt-br\/modelo-de-ensino-religioso-confessional-que-nao-promove-uma-religiao-especifica-ere-supraconfessional\/","title":{"rendered":"Modelo de ensino religioso confessional que n\u00e3o promove uma religi\u00e3o espec\u00edfica. ERE supraconfessional"},"content":{"rendered":"\t\t<div data-elementor-type=\"wp-post\" data-elementor-id=\"1872\" class=\"elementor elementor-1872 elementor-1833\" data-elementor-post-type=\"post\">\n\t\t\t\t\t\t<section class=\"elementor-section elementor-top-section elementor-element elementor-element-cca6b7b elementor-section-full_width elementor-section-height-default elementor-section-height-default\" data-id=\"cca6b7b\" data-element_type=\"section\">\n\t\t\t\t\t\t<div class=\"elementor-container elementor-column-gap-default\">\n\t\t\t\t\t<div class=\"elementor-column elementor-col-100 elementor-top-column elementor-element elementor-element-356bc22\" data-id=\"356bc22\" data-element_type=\"column\">\n\t\t\t<div class=\"elementor-widget-wrap elementor-element-populated\">\n\t\t\t\t\t\t<div class=\"elementor-element elementor-element-cc085a6 elementor-widget elementor-widget-bloque-texto\" data-id=\"cc085a6\" data-element_type=\"widget\" data-widget_type=\"bloque-texto.default\">\n\t\t\t\t<div class=\"elementor-widget-container\">\n\t\t\t\t\t<!-- Texto a 2 columnas-->\n<section class=\"bloque bloque-texto  \">\n    <div class=\"container\">\n                <div class=\"estrecho2\">\n            <div class=\"row\">\n                <div class=\"col-sm-12\">\n                    <div class=\"the_content\" data-aos=\"fade-up\" data-aos-duration=\"700\">\n                        <p>Como afirmamos no segundo artigo desta s\u00e9rie de estudos do Observat\u00f3rio da Religi\u00e3o na Escola (ORE), no qual nos propusemos a descrever os modelos de ensino religioso na escola (ERE) em rela\u00e7\u00e3o \u00e0 confessionalidade, observando especialmente o quadro latino-americano, encontramos um desses modelos que \u00e9 mais admitido por aqueles que abordam essa quest\u00e3o fora das denomina\u00e7\u00f5es religiosas. Trata-se do modelo n\u00e3o confessional que n\u00e3o promove uma religi\u00e3o espec\u00edfica, uma vez que melhor atenderia \u00e0 exig\u00eancia de neutralidade que emerge da laicidade dos Estados. A abordagem desse modelo busca ensinar aos estudantes o fato religioso e diferentes religi\u00f5es. Artacho L\u00f3pez caracteriza assim esta proposta supraconfessional:<\/p>\n<p><em>Para uma sociedade plural, e em uma escola que se caracteriza por fazer parte do espa\u00e7o p\u00fablico da sociedade, o ensino escolar da Religi\u00e3o \u00e9 caracterizado por uma compreens\u00e3o do fato religioso como um fato da civiliza\u00e7\u00e3o e da cultura; e, em segundo lugar, por realizar o estudo da realidade religiosa sob a perspectiva das Ci\u00eancias da Religi\u00e3o. A partir desses pressupostos \u00e9 poss\u00edvel definir para o nosso sistema educacional um modelo de ensino de Religi\u00e3o que, superando f\u00f3rmulas alternativas, promova converg\u00eancia real entre membros da comunidade escolar que possuem diferentes cosmovis\u00f5es religiosas (2006, p. 13).<\/em><\/p>\n<p>Esse modelo tamb\u00e9m se apresentaria como possibilidade de alcan\u00e7ar outro dos objetivos buscados para a educa\u00e7\u00e3o no s\u00e9culo XXI, que \u00e9 a promo\u00e7\u00e3o do di\u00e1logo intercultural e da conviv\u00eancia pac\u00edfica, na linha do \u201caprender a conviver\u201d que foi apresentado como um dos pilares da educa\u00e7\u00e3o no relat\u00f3rio Delors (1996). Como exemplo do lugar que a religi\u00e3o pode ter na escola nesse sentido, o Conselho da Europa, desde 2001, como explica Wimberley (2003), \u201ctem procurado intensificar o trabalho para promover a compreens\u00e3o intercultural em geral e tamb\u00e9m abordar nesse contexto as quest\u00f5es espec\u00edficas que derivam da religi\u00e3o\u201d (p. 88), de modo que o di\u00e1logo intercultural e inter-religioso se torne um dos principais eixos dessa organiza\u00e7\u00e3o. Em rela\u00e7\u00e3o \u00e0 educa\u00e7\u00e3o, a proposta era \u201cuma a\u00e7\u00e3o para promover uma melhor compreens\u00e3o entre as comunidades culturais e\/ou religiosas por meio da educa\u00e7\u00e3o escolar baseada em princ\u00edpios comuns de \u00e9tica e cidadania democr\u00e1tica\u201d (p. 89). O objetivo que fixaram foi o de \u201cformar europeus para que participem de um di\u00e1logo baseado na toler\u00e2ncia e no entendimento m\u00fatuo sobre quest\u00f5es relacionadas \u00e0 religi\u00e3o\u201d (p. 89), e para isso seria necess\u00e1rio o conhecimento de outras pr\u00e1ticas religiosas, a empatia com diferentes manifesta\u00e7\u00f5es religiosas e o fair play na controv\u00e9rsia e na vida escolar. Tamb\u00e9m Braslavsky (2003), editora-chefe da revista Perspectivas de educa\u00e7\u00e3o comparada, publicada pelo Escrit\u00f3rio Internacional de Educa\u00e7\u00e3o da UNESCO, na edi\u00e7\u00e3o intitulada \u201cEducaci\u00f3n y Religi\u00f3n: Los caminos de la tolerancia\u201d, afirma que se observa o que ela chama de uma tend\u00eancia interessante na educa\u00e7\u00e3o religiosa:<\/p>\n<p>Nos sistemas educacionais que antes ignoravam a religi\u00e3o, agora h\u00e1 um debate sobre a conveni\u00eancia de incorpor\u00e1-la \u00e0 grade curricular. Em outros sistemas, nos quais a religi\u00e3o ocupou um lugar de destaque, os formuladores de pol\u00edticas est\u00e3o atualmente revisando os m\u00e9todos de educa\u00e7\u00e3o religiosa, para garantir que sejam relevantes e &#8220;tolerantes&#8221; em um mundo em que os povos e as culturas est\u00e3o cada vez mais inter-relacionados.<\/p>\n<p>No primeiro caso, observa-se um retorno ao ensino da hist\u00f3ria das religi\u00f5es e dos s\u00edmbolos religiosos nas ci\u00eancias sociais. Em todos os casos, parece que tanto os educadores quanto os alunos querem ser capazes de transferir o significado do que aprendem na escola para a vida que acontece fora dos muros da institui\u00e7\u00e3o (2003, p. 2)<\/p>\n<p>Na Am\u00e9rica Latina, podemos observar a implementa\u00e7\u00e3o desse modelo de duas maneiras. Uma \u00e9 a conviv\u00eancia com o ERE confessional cat\u00f3lico e a outra \u00e9 sendo a \u00fanica op\u00e7\u00e3o para os estudantes que decidem curs\u00e1-lo.<\/p>\n<p>O primeiro grupo \u00e9 composto pela Bol\u00edvia e pelo Panam\u00e1, onde a legisla\u00e7\u00e3o para o ERE \u00e9 proposta permitindo a confessionalidade cat\u00f3lica e a supraconfessionalidade, conforme definido pela institui\u00e7\u00e3o ou pelo Estado para os diferentes n\u00edveis educacionais.<\/p>\n<p>Na Bol\u00edvia, percebe-se que o programa supraconfessional do Minist\u00e9rio da Educa\u00e7\u00e3o convive com o programa confessional desenvolvido pela Confer\u00eancia Episcopal Boliviana, havendo escolas que optam por um ou outro.<\/p>\n<p>No caso do Panam\u00e1, h\u00e1 uma grade curricular confessional cat\u00f3lica para o ensino b\u00e1sico geral (do primeiro ao nono ano) e um programa supraconfessional para o ensino m\u00e9dio (d\u00e9cimo e d\u00e9cimo primeiro).<\/p>\n<p>O segundo grupo \u00e9 composto por alguns estados do Brasil, como S\u00e3o Paulo, onde a supraconfessionalidade \u00e9 a \u00fanica op\u00e7\u00e3o de ERE para as escolas p\u00fablicas.<\/p>\n<h2>Refer\u00eancias<\/h2>\n<ul>\n<li>Artacho L\u00f3pez, R. (2006). Modelos de presencia de la religi\u00f3n en el espacio p\u00fablico escolar, Religi\u00f3n y escuela, 197, 13-28.<\/li>\n<li>Braslavsky, C. (2003). Las Escuelas, hoy: \u00bffaltan maestros o falta el sentido?<br \/>Perspectivas. Revista Trimestral de educaci\u00f3n comparada, XXXIII n.\u00ba 2 (126), 1-3.<\/li>\n<li>Delors, J. (1996). La educaci\u00f3n encierra un tesoro. Madri: Santillana-UNESCO.<\/li>\n<li>Wimberley, J. (2003). Educaci\u00f3n y religi\u00f3n, los caminos de la tolerancia. La educaci\u00f3n para el di\u00e1logo intercultural y religioso: la nueva iniciativa del Consejo de Europa. Perspectivas, Revista Trimestral de educaci\u00f3n comparada, 33 (126). 85-98. Dispon\u00edvel em: <a style=\"word-break: break-all;\" href=\"https:\/\/unesdoc.unesco.org\/ark:\/48223\/pf0000132027_spa?posInSet=3&amp;queryId=e6ea5779-a515-4ef8-b090-21eeeda06c95\" target=\"_blank\" rel=\"noopener\">https:\/\/unesdoc.unesco.org\/ark:\/48223\/pf0000132027_spa?posInSet=3&amp;queryId=e6ea5779-a515-4ef8-b090-21eeeda06c95<\/a><\/li>\n<\/ul>\n                    <\/div>\n                <\/div>\n            <\/div>\n        <\/div>\n    <\/div>\n<\/section>\t\t\t\t<\/div>\n\t\t\t\t<\/div>\n\t\t\t\t<div class=\"elementor-element elementor-element-26a8163 elementor-widget elementor-widget-bloque-autor\" data-id=\"26a8163\" data-element_type=\"widget\" data-widget_type=\"bloque-autor.default\">\n\t\t\t\t<div class=\"elementor-widget-container\">\n\t\t\t\t\t\n<section class=\"bloque bloque-autor  \">\n    <div class=\"container\">\n        <div class=\"estrecho2\">\n            <div class=\"row\">\n                <div class=\"col-12\">\n                    <div class=\"datos d-flex align-items-center\">\n                        <div class=\"imagen\" data-aos=\"fade\" data-aos-delay=\"600\" data-aos-duration=\"800\"><img decoding=\"async\" src=\"https:\/\/ore.fundacion-sm.org\/wp-content\/uploads\/sites\/2\/2023\/05\/rodrigo-martinez-ore.jpg\" class=\"img-fluid\" alt=\"Fotograf\u00eda de Rodrigo Mart\u00ednez\"><\/div>\n                        <div class=\"datos-content\">\n                            <p class=\"subtitulos\">Rodrigo Mart\u00ednez<\/p>\n                                                        <p class=\"cargo\">Especialista em ERE na Am\u00e9rica Latina<\/p>\n                                                                                <\/div>\n                    <\/div>\n                <\/div>\n            <\/div>\n        <\/div>\n    <\/div>\n<\/section>\t\t\t\t<\/div>\n\t\t\t\t<\/div>\n\t\t\t\t<div class=\"elementor-element elementor-element-41366f5 elementor-widget elementor-widget-bloque-noticias\" data-id=\"41366f5\" data-element_type=\"widget\" data-widget_type=\"bloque-noticias.default\">\n\t\t\t\t<div class=\"elementor-widget-container\">\n\t\t\t\t\t<!-- Noticias -->\n<section class=\"bloque bloque-noticias  \">\n    <div class=\"container\">\n        <div class=\"background padding-interno \">\n            <div class=\"row titulo-con-enlace\">\n                <div class=\"col-12\">\n                    <h2 class=\"titulos\" data-aos=\"fade-left\" data-aos-duration=\"700\">Voc\u00ea tamb\u00e9m pode se interessar...<\/h2>                                        <a href=\"https:\/\/ore.fundacion-sm.org\/pt-br\/noticias-pt-br\/\" data-aos=\"fade-right\" data-aos-duration=\"700\" class=\"enlace btn-arrow\" title=\"Ver mais\"><span>Ver mais<\/span> <svg version=\"1.1\" id=\"longArrow\" xmlns=\"http:\/\/www.w3.org\/2000\/svg\" xmlns:xlink=\"http:\/\/www.w3.org\/1999\/xlink\" x=\"0px\" y=\"0px\" viewBox=\"0 0 56.9 19.2\" style=\"enable-background:new 0 0 56.9 19.2;\" xml:space=\"preserve\"><polygon points=\"47.3,0 45.2,2.1 51.1,8.1 0,8.1 0,11.1 51.1,11.1 45.2,17.1 47.3,19.2 56.9,9.6 \"><\/polygon><\/svg><\/a>\n                                    <\/div>\n            <\/div>\n            <div class=\"row\">\n                                                    <div class=\"col-12\" data-aos=\"fade-up\" data-aos-delay=\"200\" data-aos-duration=\"700\">\n                                <a class=\"noticia \" href=\"https:\/\/ore.fundacion-sm.org\/pt-br\/noticias-pt-br\/modelo-de-ensino-religioso-confessional-que-nao-promove-uma-religiao-especifica-ere-supraconfessional\/\">\n    <div class=\"row\">\n        <div class=\"col-12 col-md-5 col-lg-6 \">\n            <div class=\"image\">\n                <img fetchpriority=\"high\" decoding=\"async\" width=\"640\" height=\"402\" src=\"https:\/\/ore.fundacion-sm.org\/wp-content\/uploads\/sites\/2\/2024\/11\/ai-generated-8663328_640.jpg\" class=\"img-fluid wp-post-image\" alt=\"\" srcset=\"https:\/\/ore.fundacion-sm.org\/wp-content\/uploads\/sites\/2\/2024\/11\/ai-generated-8663328_640.jpg 640w, https:\/\/ore.fundacion-sm.org\/wp-content\/uploads\/sites\/2\/2024\/11\/ai-generated-8663328_640-300x188.jpg 300w\" sizes=\"(max-width: 640px) 100vw, 640px\" \/>            <\/div>\n        <\/div>\n        <div class=\"col-12 col-md-7 col-lg-6 d-flex align-items-center \">\n            <div class=\"datos\">\n                <div class=\"categoria\">Not\u00edcias<\/div>\n                <div class=\"fecha\">21 novembro 2024<\/div>\n                <h3 class=\"subtitulos\">Modelo de ensino religioso confessional que n\u00e3o promove uma religi\u00e3o espec\u00edfica. ERE supraconfessional<\/h3> \n                <div class=\"enlace btn-arrow\">Ler not\u00edcia <svg version=\"1.1\" id=\"longArrow\" xmlns=\"http:\/\/www.w3.org\/2000\/svg\" xmlns:xlink=\"http:\/\/www.w3.org\/1999\/xlink\" x=\"0px\" y=\"0px\" viewBox=\"0 0 56.9 19.2\" style=\"enable-background:new 0 0 56.9 19.2;\" xml:space=\"preserve\"><polygon points=\"47.3,0 45.2,2.1 51.1,8.1 0,8.1 0,11.1 51.1,11.1 45.2,17.1 47.3,19.2 56.9,9.6 \"\/><\/svg><\/div>\n            <\/div>\n        <\/div>\n    <\/div>    \n<\/a>                                <\/div>\n                                        <\/div>\n        <\/div>\n    <\/div>\n<\/section>\t\t\t\t<\/div>\n\t\t\t\t<\/div>\n\t\t\t\t\t<\/div>\n\t\t<\/div>\n\t\t\t\t\t<\/div>\n\t\t<\/section>\n\t\t\t\t<\/div>\n\t\t","protected":false},"excerpt":{"rendered":"<p>Como afirmamos no segundo artigo desta s\u00e9rie de estudos do Observat\u00f3rio da Religi\u00e3o na Escola (ORE), no qual nos propusemos a descrever os modelos de ensino religioso na escola (ERE) em rela\u00e7\u00e3o \u00e0 confessionalidade, observando especialmente o quadro latino-americano, encontramos um desses modelos que \u00e9 mais admitido por aqueles que abordam essa quest\u00e3o fora das [&hellip;]<\/p>\n","protected":false},"author":12,"featured_media":1871,"comment_status":"closed","ping_status":"closed","sticky":false,"template":"","format":"standard","meta":{"_acf_changed":false,"footnotes":""},"categories":[34],"tags":[],"class_list":["post-1872","post","type-post","status-publish","format-standard","has-post-thumbnail","hentry","category-noticias-pt-br"],"acf":[],"yoast_head":"<!-- This site is optimized with the Yoast SEO plugin v26.7 - https:\/\/yoast.com\/wordpress\/plugins\/seo\/ -->\n<title>Modelo de ensino religioso confessional que n\u00e3o promove uma religi\u00e3o espec\u00edfica. ERE supraconfessional - Observat\u00f3rio da Religi\u00e3o na Escola (ORE)<\/title>\n<meta name=\"description\" content=\"A educa\u00e7\u00e3o religiosa supraconfessional \u00e9 o modelo n\u00e3o confesional, n\u00e3o confesante, que cumpriria, de melhor maneira, a exig\u00eancia de neutralidade que se desprende da laicidade dos Estados. A abordagem deste modelo pretende ensinar aos estudantes o ensino religioso e as religi\u00f5es distintas.\" \/>\n<meta name=\"robots\" content=\"index, follow, max-snippet:-1, max-image-preview:large, max-video-preview:-1\" \/>\n<link rel=\"canonical\" href=\"https:\/\/ore.fundacion-sm.org\/pt-br\/noticias-pt-br\/modelo-de-ensino-religioso-confessional-que-nao-promove-uma-religiao-especifica-ere-supraconfessional\/\" \/>\n<meta property=\"og:locale\" content=\"pt_BR\" \/>\n<meta property=\"og:type\" content=\"article\" \/>\n<meta property=\"og:title\" content=\"Modelo de ensino religioso confessional que n\u00e3o promove uma religi\u00e3o espec\u00edfica. ERE supraconfessional - Observat\u00f3rio da Religi\u00e3o na Escola (ORE)\" \/>\n<meta property=\"og:description\" content=\"A educa\u00e7\u00e3o religiosa supraconfessional \u00e9 o modelo n\u00e3o confesional, n\u00e3o confesante, que cumpriria, de melhor maneira, a exig\u00eancia de neutralidade que se desprende da laicidade dos Estados. A abordagem deste modelo pretende ensinar aos estudantes o ensino religioso e as religi\u00f5es distintas.\" \/>\n<meta property=\"og:url\" content=\"https:\/\/ore.fundacion-sm.org\/pt-br\/noticias-pt-br\/modelo-de-ensino-religioso-confessional-que-nao-promove-uma-religiao-especifica-ere-supraconfessional\/\" \/>\n<meta property=\"og:site_name\" content=\"Observat\u00f3rio da Religi\u00e3o na Escola (ORE)\" \/>\n<meta property=\"article:published_time\" content=\"2024-11-21T09:45:01+00:00\" \/>\n<meta property=\"article:modified_time\" content=\"2025-02-26T11:08:45+00:00\" \/>\n<meta property=\"og:image\" content=\"https:\/\/ore.fundacion-sm.org\/wp-content\/uploads\/sites\/2\/2024\/11\/ai-generated-8663328_640.jpg\" \/>\n\t<meta property=\"og:image:width\" content=\"640\" \/>\n\t<meta property=\"og:image:height\" content=\"402\" \/>\n\t<meta property=\"og:image:type\" content=\"image\/jpeg\" \/>\n<meta name=\"author\" content=\"ariana\" \/>\n<meta name=\"twitter:card\" content=\"summary_large_image\" \/>\n<script type=\"application\/ld+json\" class=\"yoast-schema-graph\">{\"@context\":\"https:\/\/schema.org\",\"@graph\":[{\"@type\":\"Article\",\"@id\":\"https:\/\/ore.fundacion-sm.org\/pt-br\/noticias-pt-br\/modelo-de-ensino-religioso-confessional-que-nao-promove-uma-religiao-especifica-ere-supraconfessional\/#article\",\"isPartOf\":{\"@id\":\"https:\/\/ore.fundacion-sm.org\/pt-br\/noticias-pt-br\/modelo-de-ensino-religioso-confessional-que-nao-promove-uma-religiao-especifica-ere-supraconfessional\/\"},\"author\":{\"name\":\"ariana\",\"@id\":\"https:\/\/ore.fundacion-sm.org\/pt-br\/#\/schema\/person\/1ddd60a817ab7af4c7b734d90f665b5f\"},\"headline\":\"Modelo de ensino religioso confessional que n\u00e3o promove uma religi\u00e3o espec\u00edfica. ERE supraconfessional\",\"datePublished\":\"2024-11-21T09:45:01+00:00\",\"dateModified\":\"2025-02-26T11:08:45+00:00\",\"mainEntityOfPage\":{\"@id\":\"https:\/\/ore.fundacion-sm.org\/pt-br\/noticias-pt-br\/modelo-de-ensino-religioso-confessional-que-nao-promove-uma-religiao-especifica-ere-supraconfessional\/\"},\"wordCount\":979,\"publisher\":{\"@id\":\"https:\/\/ore.fundacion-sm.org\/pt-br\/#organization\"},\"image\":{\"@id\":\"https:\/\/ore.fundacion-sm.org\/pt-br\/noticias-pt-br\/modelo-de-ensino-religioso-confessional-que-nao-promove-uma-religiao-especifica-ere-supraconfessional\/#primaryimage\"},\"thumbnailUrl\":\"https:\/\/ore.fundacion-sm.org\/wp-content\/uploads\/sites\/2\/2024\/11\/ai-generated-8663328_640.jpg\",\"articleSection\":[\"Not\u00edcias\"],\"inLanguage\":\"pt-BR\"},{\"@type\":\"WebPage\",\"@id\":\"https:\/\/ore.fundacion-sm.org\/pt-br\/noticias-pt-br\/modelo-de-ensino-religioso-confessional-que-nao-promove-uma-religiao-especifica-ere-supraconfessional\/\",\"url\":\"https:\/\/ore.fundacion-sm.org\/pt-br\/noticias-pt-br\/modelo-de-ensino-religioso-confessional-que-nao-promove-uma-religiao-especifica-ere-supraconfessional\/\",\"name\":\"Modelo de ensino religioso confessional que n\u00e3o promove uma religi\u00e3o espec\u00edfica. ERE supraconfessional - Observat\u00f3rio da Religi\u00e3o na Escola (ORE)\",\"isPartOf\":{\"@id\":\"https:\/\/ore.fundacion-sm.org\/pt-br\/#website\"},\"primaryImageOfPage\":{\"@id\":\"https:\/\/ore.fundacion-sm.org\/pt-br\/noticias-pt-br\/modelo-de-ensino-religioso-confessional-que-nao-promove-uma-religiao-especifica-ere-supraconfessional\/#primaryimage\"},\"image\":{\"@id\":\"https:\/\/ore.fundacion-sm.org\/pt-br\/noticias-pt-br\/modelo-de-ensino-religioso-confessional-que-nao-promove-uma-religiao-especifica-ere-supraconfessional\/#primaryimage\"},\"thumbnailUrl\":\"https:\/\/ore.fundacion-sm.org\/wp-content\/uploads\/sites\/2\/2024\/11\/ai-generated-8663328_640.jpg\",\"datePublished\":\"2024-11-21T09:45:01+00:00\",\"dateModified\":\"2025-02-26T11:08:45+00:00\",\"description\":\"A educa\u00e7\u00e3o religiosa supraconfessional \u00e9 o modelo n\u00e3o confesional, n\u00e3o confesante, que cumpriria, de melhor maneira, a exig\u00eancia de neutralidade que se desprende da laicidade dos Estados. A abordagem deste modelo pretende ensinar aos estudantes o ensino religioso e as religi\u00f5es distintas.\",\"breadcrumb\":{\"@id\":\"https:\/\/ore.fundacion-sm.org\/pt-br\/noticias-pt-br\/modelo-de-ensino-religioso-confessional-que-nao-promove-uma-religiao-especifica-ere-supraconfessional\/#breadcrumb\"},\"inLanguage\":\"pt-BR\",\"potentialAction\":[{\"@type\":\"ReadAction\",\"target\":[\"https:\/\/ore.fundacion-sm.org\/pt-br\/noticias-pt-br\/modelo-de-ensino-religioso-confessional-que-nao-promove-uma-religiao-especifica-ere-supraconfessional\/\"]}]},{\"@type\":\"ImageObject\",\"inLanguage\":\"pt-BR\",\"@id\":\"https:\/\/ore.fundacion-sm.org\/pt-br\/noticias-pt-br\/modelo-de-ensino-religioso-confessional-que-nao-promove-uma-religiao-especifica-ere-supraconfessional\/#primaryimage\",\"url\":\"https:\/\/ore.fundacion-sm.org\/wp-content\/uploads\/sites\/2\/2024\/11\/ai-generated-8663328_640.jpg\",\"contentUrl\":\"https:\/\/ore.fundacion-sm.org\/wp-content\/uploads\/sites\/2\/2024\/11\/ai-generated-8663328_640.jpg\",\"width\":640,\"height\":402},{\"@type\":\"BreadcrumbList\",\"@id\":\"https:\/\/ore.fundacion-sm.org\/pt-br\/noticias-pt-br\/modelo-de-ensino-religioso-confessional-que-nao-promove-uma-religiao-especifica-ere-supraconfessional\/#breadcrumb\",\"itemListElement\":[{\"@type\":\"ListItem\",\"position\":1,\"name\":\"In\u00edcio\",\"item\":\"https:\/\/ore.fundacion-sm.org\/pt-br\/\"},{\"@type\":\"ListItem\",\"position\":2,\"name\":\"Not\u00edcias\",\"item\":\"https:\/\/ore.fundacion-sm.org\/pt-br\/noticias-pt-br\/\"},{\"@type\":\"ListItem\",\"position\":3,\"name\":\"Modelo de ensino religioso confessional que n\u00e3o promove uma religi\u00e3o espec\u00edfica. ERE supraconfessional\"}]},{\"@type\":\"WebSite\",\"@id\":\"https:\/\/ore.fundacion-sm.org\/pt-br\/#website\",\"url\":\"https:\/\/ore.fundacion-sm.org\/pt-br\/\",\"name\":\"Observat\u00f3rio da Religi\u00e3o na Escola (ORE)\",\"description\":\"Fundaci\u00f3n SM\",\"publisher\":{\"@id\":\"https:\/\/ore.fundacion-sm.org\/pt-br\/#organization\"},\"alternateName\":\"ORE\",\"potentialAction\":[{\"@type\":\"SearchAction\",\"target\":{\"@type\":\"EntryPoint\",\"urlTemplate\":\"https:\/\/ore.fundacion-sm.org\/pt-br\/?s={search_term_string}\"},\"query-input\":{\"@type\":\"PropertyValueSpecification\",\"valueRequired\":true,\"valueName\":\"search_term_string\"}}],\"inLanguage\":\"pt-BR\"},{\"@type\":\"Organization\",\"@id\":\"https:\/\/ore.fundacion-sm.org\/pt-br\/#organization\",\"name\":\"Fundaci\u00f3n SM\",\"url\":\"https:\/\/ore.fundacion-sm.org\/pt-br\/\",\"logo\":{\"@type\":\"ImageObject\",\"inLanguage\":\"pt-BR\",\"@id\":\"https:\/\/ore.fundacion-sm.org\/pt-br\/#\/schema\/logo\/image\/\",\"url\":\"https:\/\/ore.fundacion-sm.org\/wp-content\/uploads\/sites\/2\/2023\/10\/logotipo-fundacion-sm.png\",\"contentUrl\":\"https:\/\/ore.fundacion-sm.org\/wp-content\/uploads\/sites\/2\/2023\/10\/logotipo-fundacion-sm.png\",\"width\":447,\"height\":85,\"caption\":\"Fundaci\u00f3n SM\"},\"image\":{\"@id\":\"https:\/\/ore.fundacion-sm.org\/pt-br\/#\/schema\/logo\/image\/\"}},{\"@type\":\"Person\",\"@id\":\"https:\/\/ore.fundacion-sm.org\/pt-br\/#\/schema\/person\/1ddd60a817ab7af4c7b734d90f665b5f\",\"name\":\"ariana\"}]}<\/script>\n<!-- \/ Yoast SEO plugin. -->","yoast_head_json":{"title":"Modelo de ensino religioso confessional que n\u00e3o promove uma religi\u00e3o espec\u00edfica. ERE supraconfessional - Observat\u00f3rio da Religi\u00e3o na Escola (ORE)","description":"A educa\u00e7\u00e3o religiosa supraconfessional \u00e9 o modelo n\u00e3o confesional, n\u00e3o confesante, que cumpriria, de melhor maneira, a exig\u00eancia de neutralidade que se desprende da laicidade dos Estados. A abordagem deste modelo pretende ensinar aos estudantes o ensino religioso e as religi\u00f5es distintas.","robots":{"index":"index","follow":"follow","max-snippet":"max-snippet:-1","max-image-preview":"max-image-preview:large","max-video-preview":"max-video-preview:-1"},"canonical":"https:\/\/ore.fundacion-sm.org\/pt-br\/noticias-pt-br\/modelo-de-ensino-religioso-confessional-que-nao-promove-uma-religiao-especifica-ere-supraconfessional\/","og_locale":"pt_BR","og_type":"article","og_title":"Modelo de ensino religioso confessional que n\u00e3o promove uma religi\u00e3o espec\u00edfica. ERE supraconfessional - Observat\u00f3rio da Religi\u00e3o na Escola (ORE)","og_description":"A educa\u00e7\u00e3o religiosa supraconfessional \u00e9 o modelo n\u00e3o confesional, n\u00e3o confesante, que cumpriria, de melhor maneira, a exig\u00eancia de neutralidade que se desprende da laicidade dos Estados. A abordagem deste modelo pretende ensinar aos estudantes o ensino religioso e as religi\u00f5es distintas.","og_url":"https:\/\/ore.fundacion-sm.org\/pt-br\/noticias-pt-br\/modelo-de-ensino-religioso-confessional-que-nao-promove-uma-religiao-especifica-ere-supraconfessional\/","og_site_name":"Observat\u00f3rio da Religi\u00e3o na Escola (ORE)","article_published_time":"2024-11-21T09:45:01+00:00","article_modified_time":"2025-02-26T11:08:45+00:00","og_image":[{"width":640,"height":402,"url":"https:\/\/ore.fundacion-sm.org\/wp-content\/uploads\/sites\/2\/2024\/11\/ai-generated-8663328_640.jpg","type":"image\/jpeg"}],"author":"ariana","twitter_card":"summary_large_image","schema":{"@context":"https:\/\/schema.org","@graph":[{"@type":"Article","@id":"https:\/\/ore.fundacion-sm.org\/pt-br\/noticias-pt-br\/modelo-de-ensino-religioso-confessional-que-nao-promove-uma-religiao-especifica-ere-supraconfessional\/#article","isPartOf":{"@id":"https:\/\/ore.fundacion-sm.org\/pt-br\/noticias-pt-br\/modelo-de-ensino-religioso-confessional-que-nao-promove-uma-religiao-especifica-ere-supraconfessional\/"},"author":{"name":"ariana","@id":"https:\/\/ore.fundacion-sm.org\/pt-br\/#\/schema\/person\/1ddd60a817ab7af4c7b734d90f665b5f"},"headline":"Modelo de ensino religioso confessional que n\u00e3o promove uma religi\u00e3o espec\u00edfica. ERE supraconfessional","datePublished":"2024-11-21T09:45:01+00:00","dateModified":"2025-02-26T11:08:45+00:00","mainEntityOfPage":{"@id":"https:\/\/ore.fundacion-sm.org\/pt-br\/noticias-pt-br\/modelo-de-ensino-religioso-confessional-que-nao-promove-uma-religiao-especifica-ere-supraconfessional\/"},"wordCount":979,"publisher":{"@id":"https:\/\/ore.fundacion-sm.org\/pt-br\/#organization"},"image":{"@id":"https:\/\/ore.fundacion-sm.org\/pt-br\/noticias-pt-br\/modelo-de-ensino-religioso-confessional-que-nao-promove-uma-religiao-especifica-ere-supraconfessional\/#primaryimage"},"thumbnailUrl":"https:\/\/ore.fundacion-sm.org\/wp-content\/uploads\/sites\/2\/2024\/11\/ai-generated-8663328_640.jpg","articleSection":["Not\u00edcias"],"inLanguage":"pt-BR"},{"@type":"WebPage","@id":"https:\/\/ore.fundacion-sm.org\/pt-br\/noticias-pt-br\/modelo-de-ensino-religioso-confessional-que-nao-promove-uma-religiao-especifica-ere-supraconfessional\/","url":"https:\/\/ore.fundacion-sm.org\/pt-br\/noticias-pt-br\/modelo-de-ensino-religioso-confessional-que-nao-promove-uma-religiao-especifica-ere-supraconfessional\/","name":"Modelo de ensino religioso confessional que n\u00e3o promove uma religi\u00e3o espec\u00edfica. ERE supraconfessional - Observat\u00f3rio da Religi\u00e3o na Escola (ORE)","isPartOf":{"@id":"https:\/\/ore.fundacion-sm.org\/pt-br\/#website"},"primaryImageOfPage":{"@id":"https:\/\/ore.fundacion-sm.org\/pt-br\/noticias-pt-br\/modelo-de-ensino-religioso-confessional-que-nao-promove-uma-religiao-especifica-ere-supraconfessional\/#primaryimage"},"image":{"@id":"https:\/\/ore.fundacion-sm.org\/pt-br\/noticias-pt-br\/modelo-de-ensino-religioso-confessional-que-nao-promove-uma-religiao-especifica-ere-supraconfessional\/#primaryimage"},"thumbnailUrl":"https:\/\/ore.fundacion-sm.org\/wp-content\/uploads\/sites\/2\/2024\/11\/ai-generated-8663328_640.jpg","datePublished":"2024-11-21T09:45:01+00:00","dateModified":"2025-02-26T11:08:45+00:00","description":"A educa\u00e7\u00e3o religiosa supraconfessional \u00e9 o modelo n\u00e3o confesional, n\u00e3o confesante, que cumpriria, de melhor maneira, a exig\u00eancia de neutralidade que se desprende da laicidade dos Estados. A abordagem deste modelo pretende ensinar aos estudantes o ensino religioso e as religi\u00f5es distintas.","breadcrumb":{"@id":"https:\/\/ore.fundacion-sm.org\/pt-br\/noticias-pt-br\/modelo-de-ensino-religioso-confessional-que-nao-promove-uma-religiao-especifica-ere-supraconfessional\/#breadcrumb"},"inLanguage":"pt-BR","potentialAction":[{"@type":"ReadAction","target":["https:\/\/ore.fundacion-sm.org\/pt-br\/noticias-pt-br\/modelo-de-ensino-religioso-confessional-que-nao-promove-uma-religiao-especifica-ere-supraconfessional\/"]}]},{"@type":"ImageObject","inLanguage":"pt-BR","@id":"https:\/\/ore.fundacion-sm.org\/pt-br\/noticias-pt-br\/modelo-de-ensino-religioso-confessional-que-nao-promove-uma-religiao-especifica-ere-supraconfessional\/#primaryimage","url":"https:\/\/ore.fundacion-sm.org\/wp-content\/uploads\/sites\/2\/2024\/11\/ai-generated-8663328_640.jpg","contentUrl":"https:\/\/ore.fundacion-sm.org\/wp-content\/uploads\/sites\/2\/2024\/11\/ai-generated-8663328_640.jpg","width":640,"height":402},{"@type":"BreadcrumbList","@id":"https:\/\/ore.fundacion-sm.org\/pt-br\/noticias-pt-br\/modelo-de-ensino-religioso-confessional-que-nao-promove-uma-religiao-especifica-ere-supraconfessional\/#breadcrumb","itemListElement":[{"@type":"ListItem","position":1,"name":"In\u00edcio","item":"https:\/\/ore.fundacion-sm.org\/pt-br\/"},{"@type":"ListItem","position":2,"name":"Not\u00edcias","item":"https:\/\/ore.fundacion-sm.org\/pt-br\/noticias-pt-br\/"},{"@type":"ListItem","position":3,"name":"Modelo de ensino religioso confessional que n\u00e3o promove uma religi\u00e3o espec\u00edfica. ERE supraconfessional"}]},{"@type":"WebSite","@id":"https:\/\/ore.fundacion-sm.org\/pt-br\/#website","url":"https:\/\/ore.fundacion-sm.org\/pt-br\/","name":"Observat\u00f3rio da Religi\u00e3o na Escola (ORE)","description":"Fundaci\u00f3n SM","publisher":{"@id":"https:\/\/ore.fundacion-sm.org\/pt-br\/#organization"},"alternateName":"ORE","potentialAction":[{"@type":"SearchAction","target":{"@type":"EntryPoint","urlTemplate":"https:\/\/ore.fundacion-sm.org\/pt-br\/?s={search_term_string}"},"query-input":{"@type":"PropertyValueSpecification","valueRequired":true,"valueName":"search_term_string"}}],"inLanguage":"pt-BR"},{"@type":"Organization","@id":"https:\/\/ore.fundacion-sm.org\/pt-br\/#organization","name":"Fundaci\u00f3n SM","url":"https:\/\/ore.fundacion-sm.org\/pt-br\/","logo":{"@type":"ImageObject","inLanguage":"pt-BR","@id":"https:\/\/ore.fundacion-sm.org\/pt-br\/#\/schema\/logo\/image\/","url":"https:\/\/ore.fundacion-sm.org\/wp-content\/uploads\/sites\/2\/2023\/10\/logotipo-fundacion-sm.png","contentUrl":"https:\/\/ore.fundacion-sm.org\/wp-content\/uploads\/sites\/2\/2023\/10\/logotipo-fundacion-sm.png","width":447,"height":85,"caption":"Fundaci\u00f3n SM"},"image":{"@id":"https:\/\/ore.fundacion-sm.org\/pt-br\/#\/schema\/logo\/image\/"}},{"@type":"Person","@id":"https:\/\/ore.fundacion-sm.org\/pt-br\/#\/schema\/person\/1ddd60a817ab7af4c7b734d90f665b5f","name":"ariana"}]}},"_links":{"self":[{"href":"https:\/\/ore.fundacion-sm.org\/pt-br\/wp-json\/wp\/v2\/posts\/1872","targetHints":{"allow":["GET"]}}],"collection":[{"href":"https:\/\/ore.fundacion-sm.org\/pt-br\/wp-json\/wp\/v2\/posts"}],"about":[{"href":"https:\/\/ore.fundacion-sm.org\/pt-br\/wp-json\/wp\/v2\/types\/post"}],"author":[{"embeddable":true,"href":"https:\/\/ore.fundacion-sm.org\/pt-br\/wp-json\/wp\/v2\/users\/12"}],"replies":[{"embeddable":true,"href":"https:\/\/ore.fundacion-sm.org\/pt-br\/wp-json\/wp\/v2\/comments?post=1872"}],"version-history":[{"count":12,"href":"https:\/\/ore.fundacion-sm.org\/pt-br\/wp-json\/wp\/v2\/posts\/1872\/revisions"}],"predecessor-version":[{"id":2317,"href":"https:\/\/ore.fundacion-sm.org\/pt-br\/wp-json\/wp\/v2\/posts\/1872\/revisions\/2317"}],"wp:featuredmedia":[{"embeddable":true,"href":"https:\/\/ore.fundacion-sm.org\/pt-br\/wp-json\/wp\/v2\/media\/1871"}],"wp:attachment":[{"href":"https:\/\/ore.fundacion-sm.org\/pt-br\/wp-json\/wp\/v2\/media?parent=1872"}],"wp:term":[{"taxonomy":"category","embeddable":true,"href":"https:\/\/ore.fundacion-sm.org\/pt-br\/wp-json\/wp\/v2\/categories?post=1872"},{"taxonomy":"post_tag","embeddable":true,"href":"https:\/\/ore.fundacion-sm.org\/pt-br\/wp-json\/wp\/v2\/tags?post=1872"}],"curies":[{"name":"wp","href":"https:\/\/api.w.org\/{rel}","templated":true}]}}