{"id":33,"count":4,"description":"","link":"https:\/\/ore.fundacion-sm.org\/pt-br\/estudos\/","name":"Estudos","slug":"estudos","taxonomy":"category","parent":0,"meta":[],"acf":[],"yoast_head":"<!-- This site is optimized with the Yoast SEO plugin v26.7 - https:\/\/yoast.com\/wordpress\/plugins\/seo\/ -->\n<title>Estudos - Observat\u00f3rio da Religi\u00e3o na Escola (ORE)<\/title>\n<meta name=\"robots\" content=\"index, follow, max-snippet:-1, max-image-preview:large, max-video-preview:-1\" \/>\n<link rel=\"canonical\" href=\"https:\/\/ore.fundacion-sm.org\/pt-br\/estudos\/\" \/>\n<meta property=\"og:locale\" content=\"pt_BR\" \/>\n<meta property=\"og:type\" content=\"article\" \/>\n<meta property=\"og:title\" content=\"Estudos - Observat\u00f3rio da Religi\u00e3o na Escola (ORE)\" \/>\n<meta property=\"og:url\" content=\"https:\/\/ore.fundacion-sm.org\/pt-br\/estudos\/\" \/>\n<meta property=\"og:site_name\" content=\"Observat\u00f3rio da Religi\u00e3o na Escola (ORE)\" \/>\n<meta property=\"og:image\" content=\"https:\/\/ore.fundacion-sm.org\/wp-content\/uploads\/sites\/2\/2023\/10\/contents-imagen-680.png\" \/>\n\t<meta property=\"og:image:width\" content=\"680\" \/>\n\t<meta property=\"og:image:height\" content=\"425\" \/>\n\t<meta property=\"og:image:type\" content=\"image\/png\" \/>\n<meta name=\"twitter:card\" content=\"summary_large_image\" \/>\n<script type=\"application\/ld+json\" class=\"yoast-schema-graph\">{\"@context\":\"https:\/\/schema.org\",\"@graph\":[{\"@type\":\"CollectionPage\",\"@id\":\"https:\/\/ore.fundacion-sm.org\/pt-br\/estudos\/\",\"url\":\"https:\/\/ore.fundacion-sm.org\/pt-br\/estudos\/\",\"name\":\"Estudos - Observat\u00f3rio da Religi\u00e3o na Escola (ORE)\",\"isPartOf\":{\"@id\":\"https:\/\/ore.fundacion-sm.org\/pt-br\/#website\"},\"breadcrumb\":{\"@id\":\"https:\/\/ore.fundacion-sm.org\/pt-br\/estudos\/#breadcrumb\"},\"inLanguage\":\"pt-BR\"},{\"@type\":\"BreadcrumbList\",\"@id\":\"https:\/\/ore.fundacion-sm.org\/pt-br\/estudos\/#breadcrumb\",\"itemListElement\":[{\"@type\":\"ListItem\",\"position\":1,\"name\":\"In\u00edcio\",\"item\":\"https:\/\/ore.fundacion-sm.org\/pt-br\/\"},{\"@type\":\"ListItem\",\"position\":2,\"name\":\"Estudos\"}]},{\"@type\":\"WebSite\",\"@id\":\"https:\/\/ore.fundacion-sm.org\/pt-br\/#website\",\"url\":\"https:\/\/ore.fundacion-sm.org\/pt-br\/\",\"name\":\"Observat\u00f3rio da Religi\u00e3o na Escola (ORE)\",\"description\":\"Fundaci\u00f3n SM\",\"publisher\":{\"@id\":\"https:\/\/ore.fundacion-sm.org\/pt-br\/#organization\"},\"alternateName\":\"ORE\",\"potentialAction\":[{\"@type\":\"SearchAction\",\"target\":{\"@type\":\"EntryPoint\",\"urlTemplate\":\"https:\/\/ore.fundacion-sm.org\/pt-br\/?s={search_term_string}\"},\"query-input\":{\"@type\":\"PropertyValueSpecification\",\"valueRequired\":true,\"valueName\":\"search_term_string\"}}],\"inLanguage\":\"pt-BR\"},{\"@type\":\"Organization\",\"@id\":\"https:\/\/ore.fundacion-sm.org\/pt-br\/#organization\",\"name\":\"Fundaci\u00f3n SM\",\"url\":\"https:\/\/ore.fundacion-sm.org\/pt-br\/\",\"logo\":{\"@type\":\"ImageObject\",\"inLanguage\":\"pt-BR\",\"@id\":\"https:\/\/ore.fundacion-sm.org\/pt-br\/#\/schema\/logo\/image\/\",\"url\":\"https:\/\/ore.fundacion-sm.org\/wp-content\/uploads\/sites\/2\/2023\/10\/logotipo-fundacion-sm.png\",\"contentUrl\":\"https:\/\/ore.fundacion-sm.org\/wp-content\/uploads\/sites\/2\/2023\/10\/logotipo-fundacion-sm.png\",\"width\":447,\"height\":85,\"caption\":\"Fundaci\u00f3n SM\"},\"image\":{\"@id\":\"https:\/\/ore.fundacion-sm.org\/pt-br\/#\/schema\/logo\/image\/\"}}]}<\/script>\n<!-- \/ Yoast SEO plugin. -->","yoast_head_json":{"title":"Estudos - Observat\u00f3rio da Religi\u00e3o na Escola (ORE)","robots":{"index":"index","follow":"follow","max-snippet":"max-snippet:-1","max-image-preview":"max-image-preview:large","max-video-preview":"max-video-preview:-1"},"canonical":"https:\/\/ore.fundacion-sm.org\/pt-br\/estudos\/","og_locale":"pt_BR","og_type":"article","og_title":"Estudos - Observat\u00f3rio da Religi\u00e3o na Escola (ORE)","og_url":"https:\/\/ore.fundacion-sm.org\/pt-br\/estudos\/","og_site_name":"Observat\u00f3rio da Religi\u00e3o na Escola (ORE)","og_image":[{"width":680,"height":425,"url":"https:\/\/ore.fundacion-sm.org\/wp-content\/uploads\/sites\/2\/2023\/10\/contents-imagen-680.png","type":"image\/png"}],"twitter_card":"summary_large_image","schema":{"@context":"https:\/\/schema.org","@graph":[{"@type":"CollectionPage","@id":"https:\/\/ore.fundacion-sm.org\/pt-br\/estudos\/","url":"https:\/\/ore.fundacion-sm.org\/pt-br\/estudos\/","name":"Estudos - Observat\u00f3rio da Religi\u00e3o na Escola (ORE)","isPartOf":{"@id":"https:\/\/ore.fundacion-sm.org\/pt-br\/#website"},"breadcrumb":{"@id":"https:\/\/ore.fundacion-sm.org\/pt-br\/estudos\/#breadcrumb"},"inLanguage":"pt-BR"},{"@type":"BreadcrumbList","@id":"https:\/\/ore.fundacion-sm.org\/pt-br\/estudos\/#breadcrumb","itemListElement":[{"@type":"ListItem","position":1,"name":"In\u00edcio","item":"https:\/\/ore.fundacion-sm.org\/pt-br\/"},{"@type":"ListItem","position":2,"name":"Estudos"}]},{"@type":"WebSite","@id":"https:\/\/ore.fundacion-sm.org\/pt-br\/#website","url":"https:\/\/ore.fundacion-sm.org\/pt-br\/","name":"Observat\u00f3rio da Religi\u00e3o na Escola (ORE)","description":"Fundaci\u00f3n SM","publisher":{"@id":"https:\/\/ore.fundacion-sm.org\/pt-br\/#organization"},"alternateName":"ORE","potentialAction":[{"@type":"SearchAction","target":{"@type":"EntryPoint","urlTemplate":"https:\/\/ore.fundacion-sm.org\/pt-br\/?s={search_term_string}"},"query-input":{"@type":"PropertyValueSpecification","valueRequired":true,"valueName":"search_term_string"}}],"inLanguage":"pt-BR"},{"@type":"Organization","@id":"https:\/\/ore.fundacion-sm.org\/pt-br\/#organization","name":"Fundaci\u00f3n SM","url":"https:\/\/ore.fundacion-sm.org\/pt-br\/","logo":{"@type":"ImageObject","inLanguage":"pt-BR","@id":"https:\/\/ore.fundacion-sm.org\/pt-br\/#\/schema\/logo\/image\/","url":"https:\/\/ore.fundacion-sm.org\/wp-content\/uploads\/sites\/2\/2023\/10\/logotipo-fundacion-sm.png","contentUrl":"https:\/\/ore.fundacion-sm.org\/wp-content\/uploads\/sites\/2\/2023\/10\/logotipo-fundacion-sm.png","width":447,"height":85,"caption":"Fundaci\u00f3n SM"},"image":{"@id":"https:\/\/ore.fundacion-sm.org\/pt-br\/#\/schema\/logo\/image\/"}}]}},"_links":{"self":[{"href":"https:\/\/ore.fundacion-sm.org\/pt-br\/wp-json\/wp\/v2\/categories\/33","targetHints":{"allow":["GET"]}}],"collection":[{"href":"https:\/\/ore.fundacion-sm.org\/pt-br\/wp-json\/wp\/v2\/categories"}],"about":[{"href":"https:\/\/ore.fundacion-sm.org\/pt-br\/wp-json\/wp\/v2\/taxonomies\/category"}],"wp:post_type":[{"href":"https:\/\/ore.fundacion-sm.org\/pt-br\/wp-json\/wp\/v2\/posts?categories=33"}],"curies":[{"name":"wp","href":"https:\/\/api.w.org\/{rel}","templated":true}]}}